{"id":1963,"date":"2023-09-18T13:22:59","date_gmt":"2023-09-18T11:22:59","guid":{"rendered":"https:\/\/redalimentaccion.org\/sin-categorizar\/madrilgo-estatu-mailako-topaketa-2022\/"},"modified":"2024-01-09T11:00:17","modified_gmt":"2024-01-09T10:00:17","slug":"madrilgo-estatu-mailako-topaketa-2022","status":"publish","type":"post","link":"https:\/\/redalimentaccion.org\/eu\/ekitaldiak\/madrilgo-estatu-mailako-topaketa-2022\/","title":{"rendered":"Madrilgo Estatu mailako Topaketa 2022"},"content":{"rendered":"<div class=\"fusion-fullwidth fullwidth-box fusion-builder-row-1 fusion-flex-container has-pattern-background has-mask-background nonhundred-percent-fullwidth non-hundred-percent-height-scrolling\" style=\"--awb-border-radius-top-left:0px;--awb-border-radius-top-right:0px;--awb-border-radius-bottom-right:0px;--awb-border-radius-bottom-left:0px;--awb-flex-wrap:wrap;\" ><div class=\"fusion-builder-row fusion-row fusion-flex-align-items-flex-start fusion-flex-content-wrap\" style=\"max-width:1352px;margin-left: calc(-4% \/ 2 );margin-right: calc(-4% \/ 2 );\"><div class=\"fusion-layout-column fusion_builder_column fusion-builder-column-0 fusion_builder_column_2_3 2_3 fusion-flex-column\" style=\"--awb-bg-size:cover;--awb-width-large:66.6666666667%;--awb-margin-top-large:0px;--awb-spacing-right-large:50px;--awb-margin-bottom-large:0px;--awb-spacing-left-large:0px;--awb-width-medium:100%;--awb-order-medium:0;--awb-spacing-right-medium:50px;--awb-spacing-left-medium:0px;--awb-width-small:100%;--awb-order-small:0;--awb-spacing-right-small:1.92%;--awb-spacing-left-small:1.92%;\" data-scroll-devices=\"small-visibility,medium-visibility,large-visibility\"><div class=\"fusion-column-wrapper fusion-column-has-shadow fusion-flex-justify-content-flex-start fusion-content-layout-column\"><div class=\"fusion-title title fusion-title-1 fusion-sep-none fusion-title-text fusion-title-size-two\" style=\"--awb-margin-top-small:10px;--awb-margin-right-small:0px;--awb-margin-bottom-small:10px;--awb-margin-left-small:0px;\"><h2 class=\"fusion-title-heading title-heading-left fusion-responsive-typography-calculated\" style=\"margin:0;--fontSize:36;line-height:var(--awb-typography1-line-height);\"><em>Nor gara?<\/em><\/h2><\/div><div class=\"fusion-text fusion-text-1\"><p><strong>ALIMENT<em>ACCI\u00d3N<\/em> sareak<\/strong> <strong>Lanbide Heziketako irakasleentzako Estatu<\/strong> mailako Topaketa antolatzen du. <strong>Azaroaren 10etik 12ra<\/strong> bitartean, beren ikastetxeetan <strong>genero-ikuspegidun<\/strong> <strong>Elikadura Eskubidea<\/strong> eta <strong>Garapen Iraunkorra<\/strong> landu duten hainbat irakasle batuko dira <strong>Madrilen<\/strong>.<strong> <\/strong><strong>Elikagaien Justiziako<\/strong> taldearen eta <strong>Hegoaren<\/strong> laguntzarekin.<\/p>\n<\/div><div class=\"fusion-title title fusion-title-2 fusion-sep-none fusion-title-text fusion-title-size-two\" style=\"--awb-margin-top-small:10px;--awb-margin-right-small:0px;--awb-margin-bottom-small:10px;--awb-margin-left-small:0px;\"><h2 class=\"fusion-title-heading title-heading-left fusion-responsive-typography-calculated\" style=\"margin:0;--fontSize:36;line-height:var(--awb-typography1-line-height);\"><em>\u00bfPor qu\u00e9 os invitamos a encontrarnos presencialmente?<\/em><\/h2><\/div><div class=\"fusion-text fusion-text-2\"><p>Despu\u00e9s de estos a\u00f1os de pandemia, hemos visto c\u00f3mo a nivel mundial, la forma de entender nuestras relaciones interpersonales y nuestra relaci\u00f3n con el entorno (y con la alimentaci\u00f3n) ha cambiado notoriamente. La relfexi\u00f3n de estos meses, cuando casi ni nos acordamos de las mascarillas, nos ha llevado a identificar una gran dependencia de las TIC que nos separa de la realidad tangible, la que nos da de comer y nos abraza cada d\u00eda. Tambi\u00e9n en los centros educativos lo percibimos y nos lo coment\u00e1is a diario.<\/p>\n<p>Por eso, hemos ideado un <strong>encuentro presencial <\/strong>donde volver a ponernos caras y cuerpos. Un lugar donde identificarnos como personas m\u00e1s all\u00e1 de la pantalla. Donde acercarnos a lo experiencial. Donde compartir.<\/p>\n<p>Este encuentro quiere ser la excusa para salir de esta din\u00e1mica tecnol\u00f3gica y recuperar los v\u00ednculos que nos ayuden a generar la transformaci\u00f3n ecosocial que necesitamos hacia una sociedad y un modelo alimentario m\u00e1s justo, saludable y sostenible.<\/p>\n<p>El encuentro servir\u00e1 para que el profesorado pueda compartir sus experiencias educativas en torno a estos temas, pero adem\u00e1s ser\u00e1 el marco de presentaci\u00f3n de nuevos materiales como el el <a href=\"https:\/\/recursosfp.redalimentaccion.org\/f-p-servicios-socioculturales-y-a-la-comunidad\/\"><strong>KIT de herramientas para la Familia Profesional de Servicios Socioculturales y a la Comunidad<\/strong><\/a> o el <em><strong>Cat\u00e1logo de Empresas por la Soberan\u00eda Alimentaria<\/strong><\/em>. Esta publicaci\u00f3n pretende dar a conocer al alumnado y profesorado de Formaci\u00f3n Profesional peque\u00f1as <strong>empresas y entidades sensibilizadas<\/strong> con el <strong>derecho a la alimentaci\u00f3n<\/strong> y las <strong>econom\u00edas transformadoras<\/strong> que est\u00e1n radicadas en nuestro territorio y que se ofrecen a <strong>colaborar con los centros educativos de Formaci\u00f3n Profesional<\/strong> para la <strong>transformaci\u00f3n<\/strong> del <strong>modelo alimentario<\/strong>.<\/p>\n<\/div><div class=\"fusion-title title fusion-title-3 fusion-sep-none fusion-title-text fusion-title-size-two\" style=\"--awb-margin-top-small:10px;--awb-margin-right-small:0px;--awb-margin-bottom-small:10px;--awb-margin-left-small:0px;\"><h2 class=\"fusion-title-heading title-heading-left fusion-responsive-typography-calculated\" style=\"margin:0;--fontSize:36;line-height:var(--awb-typography1-line-height);\"><em>\u00bfQui\u00e9nes est\u00e1n invitadxs?<\/em><\/h2><\/div><div class=\"fusion-text fusion-text-3\"><p>Est\u00e1is invitadxs todxs lxs docentes que hab\u00e9is realizado alguna acci\u00f3n con nosotrxs en estos a\u00f1os de proyecto, pero tambi\u00e9n aquellxs que este a\u00f1o quer\u00e9is iniciar alg\u00fan tipo de actividad relacionada con la transformaci\u00f3n del modelo alimentario desde la sostenibilidad y el enfoque de g\u00e9nero en vuestro centro educativo.<br \/>\nEl encuentro ser\u00e1 de convocatoria estatal, por lo que podr\u00e9is compartir espacio, tiempo y experiencias con docentes de Euskadi, Arag\u00f3n, Castilla-La Mancha, Madrid, Andaluc\u00eda, Balears y Catalunya.<\/p>\n<\/div><div class=\"fusion-title title fusion-title-4 fusion-sep-none fusion-title-text fusion-title-size-two\" style=\"--awb-margin-top-small:10px;--awb-margin-right-small:0px;--awb-margin-bottom-small:10px;--awb-margin-left-small:0px;\"><h2 class=\"fusion-title-heading title-heading-left fusion-responsive-typography-calculated\" style=\"margin:0;--fontSize:36;line-height:var(--awb-typography1-line-height);\"><em>\u00bfCu\u00e1ndo y d\u00f3nde?<\/em><\/h2><\/div><div class=\"fusion-text fusion-text-4\"><p>Nos podremos ver en el <a href=\"https:\/\/www.ieshotelescuela.com\/\" target=\"_blank\" rel=\"noopener\">Hotel Escuela de la Comunidad de Madrid<\/a> los d\u00edas<strong> 10 al 12 de noviembre<\/strong>. El Hotel Escuela es un centro educativo que imparte ciclos formativos de Hosteler\u00eda y Restauraci\u00f3n, por lo que nos parec\u00eda lo m\u00e1s coherente para este encuentro. Os adjuntamos el programa provisional, para que os hag\u00e1is una idea de las acciones que tenemos pensadas, aunque si ten\u00e9is alguna propuesta, por supuesto que estamos abiertxs a incorporarla. Los <strong>desplazamientos, alojamiento y comidas<\/strong> est\u00e1n financiados por nuestro proyecto (excepto la cena del viernes).<\/p>\n<\/div><div class=\"fusion-title title fusion-title-5 fusion-sep-none fusion-title-text fusion-title-size-two\" style=\"--awb-margin-top-small:10px;--awb-margin-right-small:0px;--awb-margin-bottom-small:10px;--awb-margin-left-small:0px;\"><h2 class=\"fusion-title-heading title-heading-left fusion-responsive-typography-calculated\" style=\"margin:0;--fontSize:36;line-height:var(--awb-typography1-line-height);\"><em>\u00bfQu\u00e9 haremos?<\/em><\/h2><\/div><div class=\"fusion-text fusion-text-5\"><p>En el programa adjunto encontrar\u00e9is m\u00e1s informaci\u00f3n, pero quer\u00edamos resaltar la importancia de los talleres del jueves.<\/p>\n<p>Estos talleres est\u00e1n pensados para reconectar con nuestrxs estudiantes desde sus lenguajes cotidianos: desde el audiovisual, las acciones de calle y las redes sociales. Desde estos lenguajes nuestrxs estudiantes se movilizan, se relacionan y act\u00faan e incorporar este tipo de metodolog\u00edas, nos puede ayudar a generar el inter\u00e9s y motivaci\u00f3n que a veces cuesta tanto recuperar en las clases. Los talleres estar\u00e1 impartidos por profesionales y movimientos sociales que llevan a\u00f1os utiliz\u00e1ndolos en sus acciones diarias con grandes resultados transformadores.<\/p>\n<\/div><div class=\"fusion-title title fusion-title-6 fusion-sep-none fusion-title-text fusion-title-size-two\" style=\"--awb-margin-top-small:10px;--awb-margin-right-small:0px;--awb-margin-bottom-small:10px;--awb-margin-left-small:0px;\"><h2 class=\"fusion-title-heading title-heading-left fusion-responsive-typography-calculated\" style=\"margin:0;--fontSize:36;line-height:var(--awb-typography1-line-height);\">Colaboran en este encuentro<\/h2><\/div><div class=\"fusion-builder-row fusion-builder-row-inner fusion-row fusion-flex-align-items-flex-start fusion-flex-content-wrap\" style=\"--awb-flex-grow:0;--awb-flex-grow-medium:0;--awb-flex-grow-small:0;--awb-flex-shrink:0;--awb-flex-shrink-medium:0;--awb-flex-shrink-small:0;width:104% !important;max-width:104% !important;margin-left: calc(-4% \/ 2 );margin-right: calc(-4% \/ 2 );\"><div class=\"fusion-layout-column fusion_builder_column_inner fusion-builder-nested-column-0 fusion_builder_column_inner_1_2 1_2 fusion-flex-column\" style=\"--awb-bg-size:cover;--awb-width-large:50%;--awb-margin-top-large:0px;--awb-spacing-right-large:3.84%;--awb-margin-bottom-large:0px;--awb-spacing-left-large:3.84%;--awb-width-medium:50%;--awb-order-medium:0;--awb-spacing-right-medium:3.84%;--awb-spacing-left-medium:3.84%;--awb-width-small:100%;--awb-order-small:0;--awb-spacing-right-small:1.92%;--awb-spacing-left-small:1.92%;\"><div class=\"fusion-column-wrapper fusion-column-has-shadow fusion-flex-justify-content-flex-start fusion-content-layout-column\"><div class=\"accordian fusion-accordian\" style=\"--awb-border-size:1px;--awb-icon-size:16px;--awb-content-font-size:var(--awb-typography4-font-size);--awb-icon-alignment:left;--awb-hover-color:var(--awb-color2);--awb-border-color:var(--awb-color3);--awb-background-color:var(--awb-color1);--awb-divider-color:var(--awb-color3);--awb-divider-hover-color:var(--awb-color3);--awb-icon-color:var(--awb-color1);--awb-title-color:var(--awb-color3);--awb-content-color:var(--awb-color3);--awb-icon-box-color:var(--awb-color8);--awb-toggle-hover-accent-color:var(--awb-color5);--awb-title-font-family:var(--awb-typography1-font-family);--awb-title-font-weight:var(--awb-typography1-font-weight);--awb-title-font-style:var(--awb-typography1-font-style);--awb-title-font-size:16px;--awb-content-font-family:var(--awb-typography4-font-family);--awb-content-font-weight:var(--awb-typography4-font-weight);--awb-content-font-style:var(--awb-typography4-font-style);\"><div class=\"panel-group fusion-toggle-icon-boxed\" id=\"accordion-1963-1\"><div class=\"fusion-panel panel-default panel-c095cce2fafbeba7d fusion-toggle-has-divider\" style=\"--awb-title-color:var(--awb-color3);--awb-content-color:var(--awb-color3);\"><div class=\"panel-heading\"><h4 class=\"panel-title toggle\" id=\"toggle_c095cce2fafbeba7d\"><a aria-expanded=\"false\" aria-controls=\"c095cce2fafbeba7d\" role=\"button\" data-toggle=\"collapse\" data-parent=\"#accordion-1963-1\" data-target=\"#c095cce2fafbeba7d\" href=\"#c095cce2fafbeba7d\"><span class=\"fusion-toggle-icon-wrapper\" aria-hidden=\"true\"><i class=\"fa-fusion-box active-icon awb-icon-minus\" aria-hidden=\"true\"><\/i><i class=\"fa-fusion-box inactive-icon awb-icon-plus\" aria-hidden=\"true\"><\/i><\/span><span class=\"fusion-toggle-heading\">Marta Pascual<\/span><\/a><\/h4><\/div><div id=\"c095cce2fafbeba7d\" class=\"panel-collapse collapse \" aria-labelledby=\"toggle_c095cce2fafbeba7d\"><div class=\"panel-body toggle-content fusion-clearfix\">\n<p>Profesora de Formaci\u00f3n Profesional y referente de los movimientos ecofeministas.<\/p>\n<\/div><\/div><\/div><div class=\"fusion-panel panel-default panel-4c1967a18685600fd fusion-toggle-has-divider\" style=\"--awb-title-color:var(--awb-color3);--awb-content-color:var(--awb-color3);\"><div class=\"panel-heading\"><h4 class=\"panel-title toggle\" id=\"toggle_4c1967a18685600fd\"><a aria-expanded=\"false\" aria-controls=\"4c1967a18685600fd\" role=\"button\" data-toggle=\"collapse\" data-parent=\"#accordion-1963-1\" data-target=\"#4c1967a18685600fd\" href=\"#4c1967a18685600fd\"><span class=\"fusion-toggle-icon-wrapper\" aria-hidden=\"true\"><i class=\"fa-fusion-box active-icon awb-icon-minus\" aria-hidden=\"true\"><\/i><i class=\"fa-fusion-box inactive-icon awb-icon-plus\" aria-hidden=\"true\"><\/i><\/span><span class=\"fusion-toggle-heading\">Territorio dom\u00e9stico<\/span><\/a><\/h4><\/div><div id=\"4c1967a18685600fd\" class=\"panel-collapse collapse \" aria-labelledby=\"toggle_4c1967a18685600fd\"><div class=\"panel-body toggle-content fusion-clearfix\">\n<p>Movimiento de mujeres trabajadoras dom\u00e9sticas participar\u00e1n como docentes en el taller de &#8220;Acciones de calle&#8221;.<\/p>\n<\/div><\/div><\/div><div class=\"fusion-panel panel-default panel-5317260f64fc81ad2 fusion-toggle-has-divider\" style=\"--awb-title-color:var(--awb-color3);--awb-content-color:var(--awb-color3);\"><div class=\"panel-heading\"><h4 class=\"panel-title toggle\" id=\"toggle_5317260f64fc81ad2\"><a aria-expanded=\"false\" aria-controls=\"5317260f64fc81ad2\" role=\"button\" data-toggle=\"collapse\" data-parent=\"#accordion-1963-1\" data-target=\"#5317260f64fc81ad2\" href=\"#5317260f64fc81ad2\"><span class=\"fusion-toggle-icon-wrapper\" aria-hidden=\"true\"><i class=\"fa-fusion-box active-icon awb-icon-minus\" aria-hidden=\"true\"><\/i><i class=\"fa-fusion-box inactive-icon awb-icon-plus\" aria-hidden=\"true\"><\/i><\/span><span class=\"fusion-toggle-heading\">Creaci\u00f3n comunicaci\u00f3n participativa<\/span><\/a><\/h4><\/div><div id=\"5317260f64fc81ad2\" class=\"panel-collapse collapse \" aria-labelledby=\"toggle_5317260f64fc81ad2\"><div class=\"panel-body toggle-content fusion-clearfix\">\n<p>Colectivo que trabaja con centros educativos para la creaci\u00f3n de piezas audiovisuales desde la perspectiva de los derechos humanos y partiendo de los intereses de lxs estudiantes.<\/p>\n<\/div><\/div><\/div><div class=\"fusion-panel panel-default panel-d5aec206469658033 fusion-toggle-has-divider\" style=\"--awb-title-color:var(--awb-color3);--awb-content-color:var(--awb-color3);\"><div class=\"panel-heading\"><h4 class=\"panel-title toggle\" id=\"toggle_d5aec206469658033\"><a aria-expanded=\"false\" aria-controls=\"d5aec206469658033\" role=\"button\" data-toggle=\"collapse\" data-parent=\"#accordion-1963-1\" data-target=\"#d5aec206469658033\" href=\"#d5aec206469658033\"><span class=\"fusion-toggle-icon-wrapper\" aria-hidden=\"true\"><i class=\"fa-fusion-box active-icon awb-icon-minus\" aria-hidden=\"true\"><\/i><i class=\"fa-fusion-box inactive-icon awb-icon-plus\" aria-hidden=\"true\"><\/i><\/span><span class=\"fusion-toggle-heading\">Alegres delicades<\/span><\/a><\/h4><\/div><div id=\"d5aec206469658033\" class=\"panel-collapse collapse \" aria-labelledby=\"toggle_d5aec206469658033\"><div class=\"panel-body toggle-content fusion-clearfix\">\n<p>Iniciativa dedicada a acompa\u00f1ar a entidades y organizaciones en la mejora de su comunicaci\u00f3n e impacto en redes sociales.<\/p>\n<\/div><\/div><\/div><div class=\"fusion-panel panel-default panel-9c81ecdf5c1f3245b fusion-toggle-has-divider\" style=\"--awb-title-color:var(--awb-color3);--awb-content-color:var(--awb-color3);\"><div class=\"panel-heading\"><h4 class=\"panel-title toggle\" id=\"toggle_9c81ecdf5c1f3245b\"><a aria-expanded=\"false\" aria-controls=\"9c81ecdf5c1f3245b\" role=\"button\" data-toggle=\"collapse\" data-parent=\"#accordion-1963-1\" data-target=\"#9c81ecdf5c1f3245b\" href=\"#9c81ecdf5c1f3245b\"><span class=\"fusion-toggle-icon-wrapper\" aria-hidden=\"true\"><i class=\"fa-fusion-box active-icon awb-icon-minus\" aria-hidden=\"true\"><\/i><i class=\"fa-fusion-box inactive-icon awb-icon-plus\" aria-hidden=\"true\"><\/i><\/span><span class=\"fusion-toggle-heading\">Margalida Rosell\u00f3<\/span><\/a><\/h4><\/div><div id=\"9c81ecdf5c1f3245b\" class=\"panel-collapse collapse \" aria-labelledby=\"toggle_9c81ecdf5c1f3245b\"><div class=\"panel-body toggle-content fusion-clearfix\">\n<p>Militante ambiental y profesora de Formaci\u00f3n Profesional.<\/p>\n<\/div><\/div><\/div><\/div><\/div><\/div><\/div><div class=\"fusion-layout-column fusion_builder_column_inner fusion-builder-nested-column-1 fusion_builder_column_inner_1_2 1_2 fusion-flex-column\" style=\"--awb-bg-size:cover;--awb-width-large:50%;--awb-margin-top-large:0px;--awb-spacing-right-large:3.84%;--awb-margin-bottom-large:0px;--awb-spacing-left-large:3.84%;--awb-width-medium:50%;--awb-order-medium:0;--awb-spacing-right-medium:3.84%;--awb-spacing-left-medium:3.84%;--awb-width-small:100%;--awb-order-small:0;--awb-spacing-right-small:1.92%;--awb-spacing-left-small:1.92%;\"><div class=\"fusion-column-wrapper fusion-column-has-shadow fusion-flex-justify-content-flex-start fusion-content-layout-column\"><div class=\"accordian fusion-accordian\" style=\"--awb-border-size:1px;--awb-icon-size:16px;--awb-content-font-size:var(--awb-typography4-font-size);--awb-icon-alignment:left;--awb-hover-color:var(--awb-color2);--awb-border-color:var(--awb-color3);--awb-background-color:var(--awb-color1);--awb-divider-color:var(--awb-color3);--awb-divider-hover-color:var(--awb-color3);--awb-icon-color:var(--awb-color1);--awb-title-color:var(--awb-color3);--awb-content-color:var(--awb-color3);--awb-icon-box-color:var(--awb-color8);--awb-toggle-hover-accent-color:var(--awb-color5);--awb-title-font-family:var(--awb-typography1-font-family);--awb-title-font-weight:var(--awb-typography1-font-weight);--awb-title-font-style:var(--awb-typography1-font-style);--awb-title-font-size:16px;--awb-content-font-family:var(--awb-typography4-font-family);--awb-content-font-weight:var(--awb-typography4-font-weight);--awb-content-font-style:var(--awb-typography4-font-style);\"><div class=\"panel-group fusion-toggle-icon-boxed\" id=\"accordion-1963-2\"><div class=\"fusion-panel panel-default panel-7b031949a2b6636a8 fusion-toggle-has-divider\" style=\"--awb-title-color:var(--awb-color3);--awb-content-color:var(--awb-color3);\"><div class=\"panel-heading\"><h4 class=\"panel-title toggle\" id=\"toggle_7b031949a2b6636a8\"><a aria-expanded=\"false\" aria-controls=\"7b031949a2b6636a8\" role=\"button\" data-toggle=\"collapse\" data-parent=\"#accordion-1963-2\" data-target=\"#7b031949a2b6636a8\" href=\"#7b031949a2b6636a8\"><span class=\"fusion-toggle-icon-wrapper\" aria-hidden=\"true\"><i class=\"fa-fusion-box active-icon awb-icon-minus\" aria-hidden=\"true\"><\/i><i class=\"fa-fusion-box inactive-icon awb-icon-plus\" aria-hidden=\"true\"><\/i><\/span><span class=\"fusion-toggle-heading\">Economistas sin fronteras<\/span><\/a><\/h4><\/div><div id=\"7b031949a2b6636a8\" class=\"panel-collapse collapse \" aria-labelledby=\"toggle_7b031949a2b6636a8\"><div class=\"panel-body toggle-content fusion-clearfix\">\n<p>Entidad que promueve otras relaciones econ\u00f3micas m\u00e1s justas y sostenibles.<\/p>\n<\/div><\/div><\/div><div class=\"fusion-panel panel-default panel-c133cfeef20f757ac fusion-toggle-has-divider\" style=\"--awb-title-color:var(--awb-color3);--awb-content-color:var(--awb-color3);\"><div class=\"panel-heading\"><h4 class=\"panel-title toggle\" id=\"toggle_c133cfeef20f757ac\"><a aria-expanded=\"false\" aria-controls=\"c133cfeef20f757ac\" role=\"button\" data-toggle=\"collapse\" data-parent=\"#accordion-1963-2\" data-target=\"#c133cfeef20f757ac\" href=\"#c133cfeef20f757ac\"><span class=\"fusion-toggle-icon-wrapper\" aria-hidden=\"true\"><i class=\"fa-fusion-box active-icon awb-icon-minus\" aria-hidden=\"true\"><\/i><i class=\"fa-fusion-box inactive-icon awb-icon-plus\" aria-hidden=\"true\"><\/i><\/span><span class=\"fusion-toggle-heading\">La Caperuza<\/span><\/a><\/h4><\/div><div id=\"c133cfeef20f757ac\" class=\"panel-collapse collapse \" aria-labelledby=\"toggle_c133cfeef20f757ac\"><div class=\"panel-body toggle-content fusion-clearfix\">\n<p><strong><em> <\/em><\/strong>Emprendimiento rural de l\u00e1cteos de leche de cabra de la Sierra Norte de Madrid.<\/p>\n<\/div><\/div><\/div><div class=\"fusion-panel panel-default panel-22ca03446a062c68e fusion-toggle-has-divider\" style=\"--awb-title-color:var(--awb-color3);--awb-content-color:var(--awb-color3);\"><div class=\"panel-heading\"><h4 class=\"panel-title toggle\" id=\"toggle_22ca03446a062c68e\"><a aria-expanded=\"false\" aria-controls=\"22ca03446a062c68e\" role=\"button\" data-toggle=\"collapse\" data-parent=\"#accordion-1963-2\" data-target=\"#22ca03446a062c68e\" href=\"#22ca03446a062c68e\"><span class=\"fusion-toggle-icon-wrapper\" aria-hidden=\"true\"><i class=\"fa-fusion-box active-icon awb-icon-minus\" aria-hidden=\"true\"><\/i><i class=\"fa-fusion-box inactive-icon awb-icon-plus\" aria-hidden=\"true\"><\/i><\/span><span class=\"fusion-toggle-heading\">Merca-km0<\/span><\/a><\/h4><\/div><div id=\"22ca03446a062c68e\" class=\"panel-collapse collapse \" aria-labelledby=\"toggle_22ca03446a062c68e\"><div class=\"panel-body toggle-content fusion-clearfix\">\n<p>Comercializadora de la Econom\u00eda Social de la Comunidad de Madrid que nos proveer\u00e1 de alimentos agroecol\u00f3gicos para nuestros almuerzos.<\/p>\n<\/div><\/div><\/div><div class=\"fusion-panel panel-default panel-b679ee0fb9e335633 fusion-toggle-has-divider\" style=\"--awb-title-color:var(--awb-color3);--awb-content-color:var(--awb-color3);\"><div class=\"panel-heading\"><h4 class=\"panel-title toggle\" id=\"toggle_b679ee0fb9e335633\"><a aria-expanded=\"false\" aria-controls=\"b679ee0fb9e335633\" role=\"button\" data-toggle=\"collapse\" data-parent=\"#accordion-1963-2\" data-target=\"#b679ee0fb9e335633\" href=\"#b679ee0fb9e335633\"><span class=\"fusion-toggle-icon-wrapper\" aria-hidden=\"true\"><i class=\"fa-fusion-box active-icon awb-icon-minus\" aria-hidden=\"true\"><\/i><i class=\"fa-fusion-box inactive-icon awb-icon-plus\" aria-hidden=\"true\"><\/i><\/span><span class=\"fusion-toggle-heading\">Teachers for future<\/span><\/a><\/h4><\/div><div id=\"b679ee0fb9e335633\" class=\"panel-collapse collapse \" aria-labelledby=\"toggle_b679ee0fb9e335633\"><div class=\"panel-body toggle-content fusion-clearfix\">\n<p>El movimiento de docentes est\u00e1 presentando 28000 por el clima. *La Red AlimentAcci\u00f3n colabora con Teachers for future para aportar sobre propuestas pedag\u00f3gicas hacia un modelo alimentario m\u00e1s sostenible.<\/p>\n<\/div><\/div><\/div><div class=\"fusion-panel panel-default panel-749f3e6eed7603abd fusion-toggle-has-divider\" style=\"--awb-title-color:var(--awb-color3);--awb-content-color:var(--awb-color3);\"><div class=\"panel-heading\"><h4 class=\"panel-title toggle\" id=\"toggle_749f3e6eed7603abd\"><a aria-expanded=\"false\" aria-controls=\"749f3e6eed7603abd\" role=\"button\" data-toggle=\"collapse\" data-parent=\"#accordion-1963-2\" data-target=\"#749f3e6eed7603abd\" href=\"#749f3e6eed7603abd\"><span class=\"fusion-toggle-icon-wrapper\" aria-hidden=\"true\"><i class=\"fa-fusion-box active-icon awb-icon-minus\" aria-hidden=\"true\"><\/i><i class=\"fa-fusion-box inactive-icon awb-icon-plus\" aria-hidden=\"true\"><\/i><\/span><span class=\"fusion-toggle-heading\">Hotel Escuela de la Comunidad de Madrid<\/span><\/a><\/h4><\/div><div id=\"749f3e6eed7603abd\" class=\"panel-collapse collapse \" aria-labelledby=\"toggle_749f3e6eed7603abd\"><div class=\"panel-body toggle-content fusion-clearfix\">\n<p>Donde nos alojaremos y compartiremos durante estos d\u00edas.<\/p>\n<\/div><\/div><\/div><\/div><\/div><\/div><\/div><\/div><\/div><\/div><div class=\"fusion-layout-column fusion_builder_column fusion-builder-column-1 fusion_builder_column_1_3 1_3 fusion-flex-column\" style=\"--awb-bg-size:cover;--awb-width-large:33.3333333333%;--awb-margin-top-large:0px;--awb-spacing-right-large:5.76%;--awb-margin-bottom-large:0px;--awb-spacing-left-large:5.76%;--awb-width-medium:100%;--awb-order-medium:0;--awb-spacing-right-medium:1.92%;--awb-spacing-left-medium:1.92%;--awb-width-small:100%;--awb-order-small:0;--awb-spacing-right-small:1.92%;--awb-spacing-left-small:1.92%;\" data-scroll-devices=\"small-visibility,medium-visibility,large-visibility\"><div class=\"fusion-column-wrapper fusion-column-has-shadow fusion-flex-justify-content-flex-start fusion-content-layout-column\"><div class=\"fusion-title title fusion-title-7 fusion-sep-none fusion-title-text fusion-title-size-three\" style=\"--awb-margin-top-small:10px;--awb-margin-right-small:0px;--awb-margin-bottom-small:10px;--awb-margin-left-small:0px;\"><h3 class=\"fusion-title-heading title-heading-left fusion-responsive-typography-calculated\" style=\"margin:0;--fontSize:24;--minFontSize:24;line-height:var(--awb-typography1-line-height);\">INFORMAZIO GEHIAGO:<\/h3><\/div><div class=\"fusion-text fusion-text-6\"><p dir=\"ltr\"><strong>\u00bfNecesitas m\u00e1s informaci\u00f3n o tienes una situaci\u00f3n particular que nos quieras plantear?<\/strong><\/p>\n<p dir=\"ltr\">No hay problema, contacta con nosotros mediante<\/p>\n<p dir=\"ltr\"> <a href=\"mailto:info@redalimentaccion.org\">info@redalimentaccion.org<\/a><\/p>\n<p dir=\"ltr\">o 722684953<\/p>\n<p dir=\"ltr\">(s\u00f3lo whatsapp o telegram)<\/p>\n<\/div><\/div><\/div><\/div><\/div>\n","protected":false},"excerpt":{"rendered":"","protected":false},"author":2,"featured_media":530,"comment_status":"open","ping_status":"open","sticky":false,"template":"","format":"standard","meta":{"footnotes":""},"categories":[133],"tags":[],"class_list":["post-1963","post","type-post","status-publish","format-standard","has-post-thumbnail","hentry","category-ekitaldiak"],"yoast_head":"<!-- This site is optimized with the Yoast SEO plugin v27.5 - https:\/\/yoast.com\/product\/yoast-seo-wordpress\/ -->\n<title>Madrilgo Estatu mailako Topaketa 2022 | Red Alimentacci\u00f3n<\/title>\n<meta name=\"robots\" content=\"index, follow, max-snippet:-1, max-image-preview:large, max-video-preview:-1\" \/>\n<link rel=\"canonical\" href=\"https:\/\/redalimentaccion.org\/eu\/ekitaldiak\/madrilgo-estatu-mailako-topaketa-2022\/\" \/>\n<meta property=\"og:locale\" content=\"eu_ES\" \/>\n<meta property=\"og:type\" content=\"article\" \/>\n<meta property=\"og:title\" content=\"Madrilgo Estatu mailako Topaketa 2022 | Red Alimentacci\u00f3n\" \/>\n<meta property=\"og:url\" content=\"https:\/\/redalimentaccion.org\/eu\/ekitaldiak\/madrilgo-estatu-mailako-topaketa-2022\/\" \/>\n<meta property=\"og:site_name\" content=\"Red Alimentacci\u00f3n\" \/>\n<meta property=\"article:published_time\" content=\"2023-09-18T11:22:59+00:00\" \/>\n<meta property=\"article:modified_time\" content=\"2024-01-09T10:00:17+00:00\" \/>\n<meta property=\"og:image\" content=\"https:\/\/redalimentaccion.org\/wp-content\/uploads\/2023\/09\/web_encuentroM22.png\" \/>\n\t<meta property=\"og:image:width\" content=\"200\" \/>\n\t<meta property=\"og:image:height\" content=\"200\" \/>\n\t<meta property=\"og:image:type\" content=\"image\/png\" \/>\n<meta name=\"author\" content=\"Departamento de dise\u00f1o\" \/>\n<meta name=\"twitter:card\" content=\"summary_large_image\" \/>\n<meta name=\"twitter:label1\" content=\"Written by\" \/>\n\t<meta name=\"twitter:data1\" content=\"Departamento de dise\u00f1o\" \/>\n\t<meta name=\"twitter:label2\" content=\"Est. reading time\" \/>\n\t<meta name=\"twitter:data2\" content=\"4 minutes\" \/>\n<script type=\"application\/ld+json\" class=\"yoast-schema-graph\">{\"@context\":\"https:\\\/\\\/schema.org\",\"@graph\":[{\"@type\":\"Article\",\"@id\":\"https:\\\/\\\/redalimentaccion.org\\\/eu\\\/ekitaldiak\\\/madrilgo-estatu-mailako-topaketa-2022\\\/#article\",\"isPartOf\":{\"@id\":\"https:\\\/\\\/redalimentaccion.org\\\/eu\\\/ekitaldiak\\\/madrilgo-estatu-mailako-topaketa-2022\\\/\"},\"author\":{\"name\":\"Departamento de dise\u00f1o\",\"@id\":\"https:\\\/\\\/redalimentaccion.org\\\/#\\\/schema\\\/person\\\/980bdde28884a0884f94751224487cfa\"},\"headline\":\"Madrilgo Estatu mailako Topaketa 2022\",\"datePublished\":\"2023-09-18T11:22:59+00:00\",\"dateModified\":\"2024-01-09T10:00:17+00:00\",\"mainEntityOfPage\":{\"@id\":\"https:\\\/\\\/redalimentaccion.org\\\/eu\\\/ekitaldiak\\\/madrilgo-estatu-mailako-topaketa-2022\\\/\"},\"wordCount\":6137,\"commentCount\":0,\"publisher\":{\"@id\":\"https:\\\/\\\/redalimentaccion.org\\\/#organization\"},\"image\":{\"@id\":\"https:\\\/\\\/redalimentaccion.org\\\/eu\\\/ekitaldiak\\\/madrilgo-estatu-mailako-topaketa-2022\\\/#primaryimage\"},\"thumbnailUrl\":\"https:\\\/\\\/redalimentaccion.org\\\/wp-content\\\/uploads\\\/2023\\\/09\\\/web_encuentroM22.png\",\"articleSection\":[\"Ekitaldiak\"],\"inLanguage\":\"eu-ES\",\"potentialAction\":[{\"@type\":\"CommentAction\",\"name\":\"Comment\",\"target\":[\"https:\\\/\\\/redalimentaccion.org\\\/eu\\\/ekitaldiak\\\/madrilgo-estatu-mailako-topaketa-2022\\\/#respond\"]}]},{\"@type\":\"WebPage\",\"@id\":\"https:\\\/\\\/redalimentaccion.org\\\/eu\\\/ekitaldiak\\\/madrilgo-estatu-mailako-topaketa-2022\\\/\",\"url\":\"https:\\\/\\\/redalimentaccion.org\\\/eu\\\/ekitaldiak\\\/madrilgo-estatu-mailako-topaketa-2022\\\/\",\"name\":\"Madrilgo Estatu mailako Topaketa 2022 | Red Alimentacci\u00f3n\",\"isPartOf\":{\"@id\":\"https:\\\/\\\/redalimentaccion.org\\\/#website\"},\"primaryImageOfPage\":{\"@id\":\"https:\\\/\\\/redalimentaccion.org\\\/eu\\\/ekitaldiak\\\/madrilgo-estatu-mailako-topaketa-2022\\\/#primaryimage\"},\"image\":{\"@id\":\"https:\\\/\\\/redalimentaccion.org\\\/eu\\\/ekitaldiak\\\/madrilgo-estatu-mailako-topaketa-2022\\\/#primaryimage\"},\"thumbnailUrl\":\"https:\\\/\\\/redalimentaccion.org\\\/wp-content\\\/uploads\\\/2023\\\/09\\\/web_encuentroM22.png\",\"datePublished\":\"2023-09-18T11:22:59+00:00\",\"dateModified\":\"2024-01-09T10:00:17+00:00\",\"breadcrumb\":{\"@id\":\"https:\\\/\\\/redalimentaccion.org\\\/eu\\\/ekitaldiak\\\/madrilgo-estatu-mailako-topaketa-2022\\\/#breadcrumb\"},\"inLanguage\":\"eu-ES\",\"potentialAction\":[{\"@type\":\"ReadAction\",\"target\":[\"https:\\\/\\\/redalimentaccion.org\\\/eu\\\/ekitaldiak\\\/madrilgo-estatu-mailako-topaketa-2022\\\/\"]}]},{\"@type\":\"ImageObject\",\"inLanguage\":\"eu-ES\",\"@id\":\"https:\\\/\\\/redalimentaccion.org\\\/eu\\\/ekitaldiak\\\/madrilgo-estatu-mailako-topaketa-2022\\\/#primaryimage\",\"url\":\"https:\\\/\\\/redalimentaccion.org\\\/wp-content\\\/uploads\\\/2023\\\/09\\\/web_encuentroM22.png\",\"contentUrl\":\"https:\\\/\\\/redalimentaccion.org\\\/wp-content\\\/uploads\\\/2023\\\/09\\\/web_encuentroM22.png\",\"width\":200,\"height\":200},{\"@type\":\"BreadcrumbList\",\"@id\":\"https:\\\/\\\/redalimentaccion.org\\\/eu\\\/ekitaldiak\\\/madrilgo-estatu-mailako-topaketa-2022\\\/#breadcrumb\",\"itemListElement\":[{\"@type\":\"ListItem\",\"position\":1,\"name\":\"Inicio\",\"item\":\"https:\\\/\\\/redalimentaccion.org\\\/eu\\\/\"},{\"@type\":\"ListItem\",\"position\":2,\"name\":\"Ekitaldiak\",\"item\":\"https:\\\/\\\/redalimentaccion.org\\\/eu\\\/.\\\/ekitaldiak\\\/\"},{\"@type\":\"ListItem\",\"position\":3,\"name\":\"Madrilgo Estatu mailako Topaketa 2022\"}]},{\"@type\":\"WebSite\",\"@id\":\"https:\\\/\\\/redalimentaccion.org\\\/#website\",\"url\":\"https:\\\/\\\/redalimentaccion.org\\\/\",\"name\":\"Red Alimentacci\u00f3n\",\"description\":\"Red Alimentacci\u00f3n trabaja junto al sector educativo en la transformaci\u00f3n hacia un sistema alimentario saludable, justo, accesible y sostenible.\",\"publisher\":{\"@id\":\"https:\\\/\\\/redalimentaccion.org\\\/#organization\"},\"alternateName\":\"Alimentacci\u00f3n\",\"potentialAction\":[{\"@type\":\"SearchAction\",\"target\":{\"@type\":\"EntryPoint\",\"urlTemplate\":\"https:\\\/\\\/redalimentaccion.org\\\/?s={search_term_string}\"},\"query-input\":{\"@type\":\"PropertyValueSpecification\",\"valueRequired\":true,\"valueName\":\"search_term_string\"}}],\"inLanguage\":\"eu-ES\"},{\"@type\":\"Organization\",\"@id\":\"https:\\\/\\\/redalimentaccion.org\\\/#organization\",\"name\":\"Red Alimentacci\u00f3n\",\"url\":\"https:\\\/\\\/redalimentaccion.org\\\/\",\"logo\":{\"@type\":\"ImageObject\",\"inLanguage\":\"eu-ES\",\"@id\":\"https:\\\/\\\/redalimentaccion.org\\\/#\\\/schema\\\/logo\\\/image\\\/\",\"url\":\"https:\\\/\\\/redalimentaccion.org\\\/wp-content\\\/uploads\\\/2023\\\/07\\\/Logo_alimentaccion.png\",\"contentUrl\":\"https:\\\/\\\/redalimentaccion.org\\\/wp-content\\\/uploads\\\/2023\\\/07\\\/Logo_alimentaccion.png\",\"width\":835,\"height\":364,\"caption\":\"Red Alimentacci\u00f3n\"},\"image\":{\"@id\":\"https:\\\/\\\/redalimentaccion.org\\\/#\\\/schema\\\/logo\\\/image\\\/\"}},{\"@type\":\"Person\",\"@id\":\"https:\\\/\\\/redalimentaccion.org\\\/#\\\/schema\\\/person\\\/980bdde28884a0884f94751224487cfa\",\"name\":\"Departamento de dise\u00f1o\"}]}<\/script>\n<!-- \/ Yoast SEO plugin. -->","yoast_head_json":{"title":"Madrilgo Estatu mailako Topaketa 2022 | Red Alimentacci\u00f3n","robots":{"index":"index","follow":"follow","max-snippet":"max-snippet:-1","max-image-preview":"max-image-preview:large","max-video-preview":"max-video-preview:-1"},"canonical":"https:\/\/redalimentaccion.org\/eu\/ekitaldiak\/madrilgo-estatu-mailako-topaketa-2022\/","og_locale":"eu_ES","og_type":"article","og_title":"Madrilgo Estatu mailako Topaketa 2022 | Red Alimentacci\u00f3n","og_url":"https:\/\/redalimentaccion.org\/eu\/ekitaldiak\/madrilgo-estatu-mailako-topaketa-2022\/","og_site_name":"Red Alimentacci\u00f3n","article_published_time":"2023-09-18T11:22:59+00:00","article_modified_time":"2024-01-09T10:00:17+00:00","og_image":[{"width":200,"height":200,"url":"https:\/\/redalimentaccion.org\/wp-content\/uploads\/2023\/09\/web_encuentroM22.png","type":"image\/png"}],"author":"Departamento de dise\u00f1o","twitter_card":"summary_large_image","twitter_misc":{"Written by":"Departamento de dise\u00f1o","Est. reading time":"4 minutes"},"schema":{"@context":"https:\/\/schema.org","@graph":[{"@type":"Article","@id":"https:\/\/redalimentaccion.org\/eu\/ekitaldiak\/madrilgo-estatu-mailako-topaketa-2022\/#article","isPartOf":{"@id":"https:\/\/redalimentaccion.org\/eu\/ekitaldiak\/madrilgo-estatu-mailako-topaketa-2022\/"},"author":{"name":"Departamento de dise\u00f1o","@id":"https:\/\/redalimentaccion.org\/#\/schema\/person\/980bdde28884a0884f94751224487cfa"},"headline":"Madrilgo Estatu mailako Topaketa 2022","datePublished":"2023-09-18T11:22:59+00:00","dateModified":"2024-01-09T10:00:17+00:00","mainEntityOfPage":{"@id":"https:\/\/redalimentaccion.org\/eu\/ekitaldiak\/madrilgo-estatu-mailako-topaketa-2022\/"},"wordCount":6137,"commentCount":0,"publisher":{"@id":"https:\/\/redalimentaccion.org\/#organization"},"image":{"@id":"https:\/\/redalimentaccion.org\/eu\/ekitaldiak\/madrilgo-estatu-mailako-topaketa-2022\/#primaryimage"},"thumbnailUrl":"https:\/\/redalimentaccion.org\/wp-content\/uploads\/2023\/09\/web_encuentroM22.png","articleSection":["Ekitaldiak"],"inLanguage":"eu-ES","potentialAction":[{"@type":"CommentAction","name":"Comment","target":["https:\/\/redalimentaccion.org\/eu\/ekitaldiak\/madrilgo-estatu-mailako-topaketa-2022\/#respond"]}]},{"@type":"WebPage","@id":"https:\/\/redalimentaccion.org\/eu\/ekitaldiak\/madrilgo-estatu-mailako-topaketa-2022\/","url":"https:\/\/redalimentaccion.org\/eu\/ekitaldiak\/madrilgo-estatu-mailako-topaketa-2022\/","name":"Madrilgo Estatu mailako Topaketa 2022 | Red Alimentacci\u00f3n","isPartOf":{"@id":"https:\/\/redalimentaccion.org\/#website"},"primaryImageOfPage":{"@id":"https:\/\/redalimentaccion.org\/eu\/ekitaldiak\/madrilgo-estatu-mailako-topaketa-2022\/#primaryimage"},"image":{"@id":"https:\/\/redalimentaccion.org\/eu\/ekitaldiak\/madrilgo-estatu-mailako-topaketa-2022\/#primaryimage"},"thumbnailUrl":"https:\/\/redalimentaccion.org\/wp-content\/uploads\/2023\/09\/web_encuentroM22.png","datePublished":"2023-09-18T11:22:59+00:00","dateModified":"2024-01-09T10:00:17+00:00","breadcrumb":{"@id":"https:\/\/redalimentaccion.org\/eu\/ekitaldiak\/madrilgo-estatu-mailako-topaketa-2022\/#breadcrumb"},"inLanguage":"eu-ES","potentialAction":[{"@type":"ReadAction","target":["https:\/\/redalimentaccion.org\/eu\/ekitaldiak\/madrilgo-estatu-mailako-topaketa-2022\/"]}]},{"@type":"ImageObject","inLanguage":"eu-ES","@id":"https:\/\/redalimentaccion.org\/eu\/ekitaldiak\/madrilgo-estatu-mailako-topaketa-2022\/#primaryimage","url":"https:\/\/redalimentaccion.org\/wp-content\/uploads\/2023\/09\/web_encuentroM22.png","contentUrl":"https:\/\/redalimentaccion.org\/wp-content\/uploads\/2023\/09\/web_encuentroM22.png","width":200,"height":200},{"@type":"BreadcrumbList","@id":"https:\/\/redalimentaccion.org\/eu\/ekitaldiak\/madrilgo-estatu-mailako-topaketa-2022\/#breadcrumb","itemListElement":[{"@type":"ListItem","position":1,"name":"Inicio","item":"https:\/\/redalimentaccion.org\/eu\/"},{"@type":"ListItem","position":2,"name":"Ekitaldiak","item":"https:\/\/redalimentaccion.org\/eu\/.\/ekitaldiak\/"},{"@type":"ListItem","position":3,"name":"Madrilgo Estatu mailako Topaketa 2022"}]},{"@type":"WebSite","@id":"https:\/\/redalimentaccion.org\/#website","url":"https:\/\/redalimentaccion.org\/","name":"Red Alimentacci\u00f3n","description":"Red Alimentacci\u00f3n trabaja junto al sector educativo en la transformaci\u00f3n hacia un sistema alimentario saludable, justo, accesible y sostenible.","publisher":{"@id":"https:\/\/redalimentaccion.org\/#organization"},"alternateName":"Alimentacci\u00f3n","potentialAction":[{"@type":"SearchAction","target":{"@type":"EntryPoint","urlTemplate":"https:\/\/redalimentaccion.org\/?s={search_term_string}"},"query-input":{"@type":"PropertyValueSpecification","valueRequired":true,"valueName":"search_term_string"}}],"inLanguage":"eu-ES"},{"@type":"Organization","@id":"https:\/\/redalimentaccion.org\/#organization","name":"Red Alimentacci\u00f3n","url":"https:\/\/redalimentaccion.org\/","logo":{"@type":"ImageObject","inLanguage":"eu-ES","@id":"https:\/\/redalimentaccion.org\/#\/schema\/logo\/image\/","url":"https:\/\/redalimentaccion.org\/wp-content\/uploads\/2023\/07\/Logo_alimentaccion.png","contentUrl":"https:\/\/redalimentaccion.org\/wp-content\/uploads\/2023\/07\/Logo_alimentaccion.png","width":835,"height":364,"caption":"Red Alimentacci\u00f3n"},"image":{"@id":"https:\/\/redalimentaccion.org\/#\/schema\/logo\/image\/"}},{"@type":"Person","@id":"https:\/\/redalimentaccion.org\/#\/schema\/person\/980bdde28884a0884f94751224487cfa","name":"Departamento de dise\u00f1o"}]}},"toolset-meta":{"campos-de-eventos":{"fecha-inicio-evento":{"type":"date","raw":"","formatted":null},"fecha-fin-evento":{"type":"date","raw":"","formatted":null},"ubicacion-evento":{"type":"textfield","raw":"IES Ciudad Escolar Carr. V\u00eda de Servicio, Km. 12, 800 28049 Madrid"},"url-ubicacion-evento":{"type":"url","raw":"https:\/\/maps.app.goo.gl\/7Q5FfuW9k7QXR1Uk6"},"modalidad-evento":{"type":"textfield","raw":""}}},"_links":{"self":[{"href":"https:\/\/redalimentaccion.org\/eu\/wp-json\/wp\/v2\/posts\/1963","targetHints":{"allow":["GET"]}}],"collection":[{"href":"https:\/\/redalimentaccion.org\/eu\/wp-json\/wp\/v2\/posts"}],"about":[{"href":"https:\/\/redalimentaccion.org\/eu\/wp-json\/wp\/v2\/types\/post"}],"author":[{"embeddable":true,"href":"https:\/\/redalimentaccion.org\/eu\/wp-json\/wp\/v2\/users\/2"}],"replies":[{"embeddable":true,"href":"https:\/\/redalimentaccion.org\/eu\/wp-json\/wp\/v2\/comments?post=1963"}],"version-history":[{"count":0,"href":"https:\/\/redalimentaccion.org\/eu\/wp-json\/wp\/v2\/posts\/1963\/revisions"}],"wp:featuredmedia":[{"embeddable":true,"href":"https:\/\/redalimentaccion.org\/eu\/wp-json\/wp\/v2\/media\/530"}],"wp:attachment":[{"href":"https:\/\/redalimentaccion.org\/eu\/wp-json\/wp\/v2\/media?parent=1963"}],"wp:term":[{"taxonomy":"category","embeddable":true,"href":"https:\/\/redalimentaccion.org\/eu\/wp-json\/wp\/v2\/categories?post=1963"},{"taxonomy":"post_tag","embeddable":true,"href":"https:\/\/redalimentaccion.org\/eu\/wp-json\/wp\/v2\/tags?post=1963"}],"curies":[{"name":"wp","href":"https:\/\/api.w.org\/{rel}","templated":true}]}}